{"id":774,"date":"2018-07-25T13:35:42","date_gmt":"2018-07-25T13:35:42","guid":{"rendered":"https:\/\/zen-swartz.87-106-228-42.plesk.page\/entrevue-avec-le-pdg-de-prewaste\/"},"modified":"2022-12-22T15:01:24","modified_gmt":"2022-12-22T15:01:24","slug":"entrevue-avec-le-pdg-de-prewaste","status":"publish","type":"post","link":"https:\/\/zen-swartz.87-106-228-42.plesk.page\/fr\/entrevue-avec-le-pdg-de-prewaste\/","title":{"rendered":"Entrevue avec le PDG de Prewaste"},"content":{"rendered":"","protected":false},"excerpt":{"rendered":"<p>Ra\u00fal Flores explique dans le Diari de Terrassa l&rsquo;importance de la gestion des d\u00e9chets pour faire face \u00e0 un avenir plus durable et comment Prewaste travaille pour y parvenir.<\/p>\n","protected":false},"author":1,"featured_media":493,"comment_status":"closed","ping_status":"closed","sticky":false,"template":"","format":"standard","meta":[],"categories":[43],"tags":[46],"class_list":["post-774","post","type-post","status-publish","format-standard","has-post-thumbnail","hentry","category-interviews","tag-a-la-une"],"_links":{"self":[{"href":"https:\/\/zen-swartz.87-106-228-42.plesk.page\/fr\/wp-json\/wp\/v2\/posts\/774","targetHints":{"allow":["GET"]}}],"collection":[{"href":"https:\/\/zen-swartz.87-106-228-42.plesk.page\/fr\/wp-json\/wp\/v2\/posts"}],"about":[{"href":"https:\/\/zen-swartz.87-106-228-42.plesk.page\/fr\/wp-json\/wp\/v2\/types\/post"}],"author":[{"embeddable":true,"href":"https:\/\/zen-swartz.87-106-228-42.plesk.page\/fr\/wp-json\/wp\/v2\/users\/1"}],"replies":[{"embeddable":true,"href":"https:\/\/zen-swartz.87-106-228-42.plesk.page\/fr\/wp-json\/wp\/v2\/comments?post=774"}],"version-history":[{"count":2,"href":"https:\/\/zen-swartz.87-106-228-42.plesk.page\/fr\/wp-json\/wp\/v2\/posts\/774\/revisions"}],"predecessor-version":[{"id":905,"href":"https:\/\/zen-swartz.87-106-228-42.plesk.page\/fr\/wp-json\/wp\/v2\/posts\/774\/revisions\/905"}],"wp:featuredmedia":[{"embeddable":true,"href":"https:\/\/zen-swartz.87-106-228-42.plesk.page\/fr\/wp-json\/wp\/v2\/media\/493"}],"wp:attachment":[{"href":"https:\/\/zen-swartz.87-106-228-42.plesk.page\/fr\/wp-json\/wp\/v2\/media?parent=774"}],"wp:term":[{"taxonomy":"category","embeddable":true,"href":"https:\/\/zen-swartz.87-106-228-42.plesk.page\/fr\/wp-json\/wp\/v2\/categories?post=774"},{"taxonomy":"post_tag","embeddable":true,"href":"https:\/\/zen-swartz.87-106-228-42.plesk.page\/fr\/wp-json\/wp\/v2\/tags?post=774"}],"curies":[{"name":"wp","href":"https:\/\/api.w.org\/{rel}","templated":true}]}}