{"id":724,"date":"2020-07-07T13:33:41","date_gmt":"2020-07-07T13:33:41","guid":{"rendered":"https:\/\/zen-swartz.87-106-228-42.plesk.page\/we-promote-waste-management-in-industrial-states-paes\/"},"modified":"2022-12-22T10:14:04","modified_gmt":"2022-12-22T10:14:04","slug":"we-promote-waste-management-in-industrial-states-paes","status":"publish","type":"post","link":"https:\/\/zen-swartz.87-106-228-42.plesk.page\/en\/we-promote-waste-management-in-industrial-states-paes\/","title":{"rendered":"We promote waste management in industrial states (PAEs)"},"content":{"rendered":"","protected":false},"excerpt":{"rendered":"<p>The chair of Uni\u00f3 de Pol\u00edgons Industrials de Catalunya, Xavier Sunyer, and the CEO of Prewaste, Ra\u00fcl Flores, sign an agreement to promote waste management in Pol\u00edgons d&#8217;Activitat Econ\u00f2mica de Cataluya.<\/p>\n","protected":false},"author":1,"featured_media":528,"comment_status":"closed","ping_status":"closed","sticky":false,"template":"","format":"standard","meta":[],"categories":[41],"tags":[40],"class_list":["post-724","post","type-post","status-publish","format-standard","has-post-thumbnail","hentry","category-article-en","tag-outstanding"],"_links":{"self":[{"href":"https:\/\/zen-swartz.87-106-228-42.plesk.page\/en\/wp-json\/wp\/v2\/posts\/724","targetHints":{"allow":["GET"]}}],"collection":[{"href":"https:\/\/zen-swartz.87-106-228-42.plesk.page\/en\/wp-json\/wp\/v2\/posts"}],"about":[{"href":"https:\/\/zen-swartz.87-106-228-42.plesk.page\/en\/wp-json\/wp\/v2\/types\/post"}],"author":[{"embeddable":true,"href":"https:\/\/zen-swartz.87-106-228-42.plesk.page\/en\/wp-json\/wp\/v2\/users\/1"}],"replies":[{"embeddable":true,"href":"https:\/\/zen-swartz.87-106-228-42.plesk.page\/en\/wp-json\/wp\/v2\/comments?post=724"}],"version-history":[{"count":2,"href":"https:\/\/zen-swartz.87-106-228-42.plesk.page\/en\/wp-json\/wp\/v2\/posts\/724\/revisions"}],"predecessor-version":[{"id":860,"href":"https:\/\/zen-swartz.87-106-228-42.plesk.page\/en\/wp-json\/wp\/v2\/posts\/724\/revisions\/860"}],"wp:featuredmedia":[{"embeddable":true,"href":"https:\/\/zen-swartz.87-106-228-42.plesk.page\/en\/wp-json\/wp\/v2\/media\/528"}],"wp:attachment":[{"href":"https:\/\/zen-swartz.87-106-228-42.plesk.page\/en\/wp-json\/wp\/v2\/media?parent=724"}],"wp:term":[{"taxonomy":"category","embeddable":true,"href":"https:\/\/zen-swartz.87-106-228-42.plesk.page\/en\/wp-json\/wp\/v2\/categories?post=724"},{"taxonomy":"post_tag","embeddable":true,"href":"https:\/\/zen-swartz.87-106-228-42.plesk.page\/en\/wp-json\/wp\/v2\/tags?post=724"}],"curies":[{"name":"wp","href":"https:\/\/api.w.org\/{rel}","templated":true}]}}