{"id":714,"date":"2018-07-25T13:35:42","date_gmt":"2018-07-25T13:35:42","guid":{"rendered":"https:\/\/zen-swartz.87-106-228-42.plesk.page\/entrevista-con-el-ceo-de-prewaste\/"},"modified":"2022-12-22T14:37:54","modified_gmt":"2022-12-22T14:37:54","slug":"entrevista-con-el-ceo-de-prewaste","status":"publish","type":"post","link":"https:\/\/zen-swartz.87-106-228-42.plesk.page\/ca\/entrevista-con-el-ceo-de-prewaste\/","title":{"rendered":"Entrevista con el CEO de Prewaste"},"content":{"rendered":"","protected":false},"excerpt":{"rendered":"<p>Ra\u00fal Flores explica en el Diari de Terrassa la import\u00e0ncia de la gesti\u00f3 de residus per afrontar un futur m\u00e9s sostenible i com Prewaste treballa per aconseguir-ho.<\/p>\n","protected":false},"author":1,"featured_media":491,"comment_status":"closed","ping_status":"closed","sticky":false,"template":"","format":"standard","meta":[],"categories":[38],"tags":[36],"class_list":["post-714","post","type-post","status-publish","format-standard","has-post-thumbnail","hentry","category-entrevistas-ca","tag-destacada-ca"],"_links":{"self":[{"href":"https:\/\/zen-swartz.87-106-228-42.plesk.page\/ca\/wp-json\/wp\/v2\/posts\/714","targetHints":{"allow":["GET"]}}],"collection":[{"href":"https:\/\/zen-swartz.87-106-228-42.plesk.page\/ca\/wp-json\/wp\/v2\/posts"}],"about":[{"href":"https:\/\/zen-swartz.87-106-228-42.plesk.page\/ca\/wp-json\/wp\/v2\/types\/post"}],"author":[{"embeddable":true,"href":"https:\/\/zen-swartz.87-106-228-42.plesk.page\/ca\/wp-json\/wp\/v2\/users\/1"}],"replies":[{"embeddable":true,"href":"https:\/\/zen-swartz.87-106-228-42.plesk.page\/ca\/wp-json\/wp\/v2\/comments?post=714"}],"version-history":[{"count":1,"href":"https:\/\/zen-swartz.87-106-228-42.plesk.page\/ca\/wp-json\/wp\/v2\/posts\/714\/revisions"}],"predecessor-version":[{"id":897,"href":"https:\/\/zen-swartz.87-106-228-42.plesk.page\/ca\/wp-json\/wp\/v2\/posts\/714\/revisions\/897"}],"wp:featuredmedia":[{"embeddable":true,"href":"https:\/\/zen-swartz.87-106-228-42.plesk.page\/ca\/wp-json\/wp\/v2\/media\/491"}],"wp:attachment":[{"href":"https:\/\/zen-swartz.87-106-228-42.plesk.page\/ca\/wp-json\/wp\/v2\/media?parent=714"}],"wp:term":[{"taxonomy":"category","embeddable":true,"href":"https:\/\/zen-swartz.87-106-228-42.plesk.page\/ca\/wp-json\/wp\/v2\/categories?post=714"},{"taxonomy":"post_tag","embeddable":true,"href":"https:\/\/zen-swartz.87-106-228-42.plesk.page\/ca\/wp-json\/wp\/v2\/tags?post=714"}],"curies":[{"name":"wp","href":"https:\/\/api.w.org\/{rel}","templated":true}]}}