{"id":713,"date":"2019-06-16T13:35:38","date_gmt":"2019-06-16T13:35:38","guid":{"rendered":"https:\/\/zen-swartz.87-106-228-42.plesk.page\/entrevista-al-diari-de-terrassa-2019\/"},"modified":"2022-12-22T14:26:34","modified_gmt":"2022-12-22T14:26:34","slug":"entrevista-al-diari-de-terrassa-2019","status":"publish","type":"post","link":"https:\/\/zen-swartz.87-106-228-42.plesk.page\/ca\/entrevista-al-diari-de-terrassa-2019\/","title":{"rendered":"Entrevista al Diari de Terrassa 2019"},"content":{"rendered":"","protected":false},"excerpt":{"rendered":"<p>Ra\u00fal Flores, CEO de Prewaste, amb m\u00e9s de 15 anys d\u2019experi\u00e8ncia al m\u00f3n del reciclatge i gesti\u00f3 sostenible<br \/>\nde residus, ens explica el seu punt de vista des de les oficines de Prewaste a la Pla\u00e7a Vella de Terrassa.<\/p>\n","protected":false},"author":1,"featured_media":452,"comment_status":"closed","ping_status":"closed","sticky":false,"template":"","format":"standard","meta":[],"categories":[38,35],"tags":[],"class_list":["post-713","post","type-post","status-publish","format-standard","has-post-thumbnail","hentry","category-entrevistas-ca","category-innovacio"],"_links":{"self":[{"href":"https:\/\/zen-swartz.87-106-228-42.plesk.page\/ca\/wp-json\/wp\/v2\/posts\/713","targetHints":{"allow":["GET"]}}],"collection":[{"href":"https:\/\/zen-swartz.87-106-228-42.plesk.page\/ca\/wp-json\/wp\/v2\/posts"}],"about":[{"href":"https:\/\/zen-swartz.87-106-228-42.plesk.page\/ca\/wp-json\/wp\/v2\/types\/post"}],"author":[{"embeddable":true,"href":"https:\/\/zen-swartz.87-106-228-42.plesk.page\/ca\/wp-json\/wp\/v2\/users\/1"}],"replies":[{"embeddable":true,"href":"https:\/\/zen-swartz.87-106-228-42.plesk.page\/ca\/wp-json\/wp\/v2\/comments?post=713"}],"version-history":[{"count":2,"href":"https:\/\/zen-swartz.87-106-228-42.plesk.page\/ca\/wp-json\/wp\/v2\/posts\/713\/revisions"}],"predecessor-version":[{"id":895,"href":"https:\/\/zen-swartz.87-106-228-42.plesk.page\/ca\/wp-json\/wp\/v2\/posts\/713\/revisions\/895"}],"wp:featuredmedia":[{"embeddable":true,"href":"https:\/\/zen-swartz.87-106-228-42.plesk.page\/ca\/wp-json\/wp\/v2\/media\/452"}],"wp:attachment":[{"href":"https:\/\/zen-swartz.87-106-228-42.plesk.page\/ca\/wp-json\/wp\/v2\/media?parent=713"}],"wp:term":[{"taxonomy":"category","embeddable":true,"href":"https:\/\/zen-swartz.87-106-228-42.plesk.page\/ca\/wp-json\/wp\/v2\/categories?post=713"},{"taxonomy":"post_tag","embeddable":true,"href":"https:\/\/zen-swartz.87-106-228-42.plesk.page\/ca\/wp-json\/wp\/v2\/tags?post=713"}],"curies":[{"name":"wp","href":"https:\/\/api.w.org\/{rel}","templated":true}]}}